{"id":539,"date":"2019-05-07T09:37:57","date_gmt":"2019-05-07T06:37:57","guid":{"rendered":"https:\/\/www.tanssiitatienkanssa.fi\/www\/?p=539"},"modified":"2019-05-07T09:39:35","modified_gmt":"2019-05-07T06:39:35","slug":"vuoden-sahikainen-2018-2019","status":"publish","type":"post","link":"https:\/\/www.tanssiitatienkanssa.fi\/www\/vuoden-sahikainen-2018-2019","title":{"rendered":"Vuoden s\u00e4hik\u00e4inen 2018-2019"},"content":{"rendered":"<p>[vc_row][vc_column width=&#8221;2\/3&#8243;][vc_column_text]Vuoden s\u00e4hik\u00e4inen 2018-2019 on Maarit Juusola.<\/p>\n<p>On tullut viimeinkin aika palkita Maarit Juusola S\u00e4hik\u00e4isell\u00e4. Palkinnon h\u00e4n olisi ansainnut jo paljon aiemmin mutta oikeastaan nyt on paras hetki. T\u00e4m\u00e4n luonnehdinnan laatiminen sai minut pitkiin mietteisiin. On tapahtunut niin paljon niin\u00e4 seitsem\u00e4n\u00e4 vuonna, jotka h\u00e4n on ollut T\u00e4tien toiminnassa.<\/p>\n<p>[ <a href=\"http:\/\/www.tanssiitatienkanssa.fi\/www\/vuoden-sahikainen-kiertopalkinto\">Lue koko juttu vuoden s\u00e4hik\u00e4isest\u00e4 2018-2019 t\u00e4\u00e4lt\u00e4<\/a> ][\/vc_column_text][\/vc_column][vc_column width=&#8221;1\/3&#8243;][vc_single_image image=&#8221;540&#8243; img_size=&#8221;full&#8221; onclick=&#8221;link_image&#8221;][\/vc_column][\/vc_row]<\/p>\n","protected":false},"excerpt":{"rendered":"<p>[vc_row][vc_column width=&#8221;2\/3&#8243;][vc_column_text]Vuoden s\u00e4hik\u00e4inen 2018-2019 on Maarit Juusola. On tullut viimeinkin aika palkita Maarit Juusola S\u00e4hik\u00e4isell\u00e4. Palkinnon h\u00e4n olisi ansainnut jo paljon aiemmin mutta oikeastaan nyt on paras hetki. T\u00e4m\u00e4n luonnehdinnan laatiminen sai minut pitkiin mietteisiin. On tapahtunut niin paljon niin\u00e4 seitsem\u00e4n\u00e4 vuonna, jotka h\u00e4n on ollut T\u00e4tien toiminnassa. [ Lue koko juttu vuoden s\u00e4hik\u00e4isest\u00e4 2018-2019 &hellip; <a href=\"https:\/\/www.tanssiitatienkanssa.fi\/www\/vuoden-sahikainen-2018-2019\" class=\"more-link\">Jatka artikkeliin <span class=\"screen-reader-text\">Vuoden s\u00e4hik\u00e4inen 2018-2019<\/span><\/a><\/p>\n","protected":false},"author":1,"featured_media":540,"comment_status":"closed","ping_status":"closed","sticky":false,"template":"","format":"standard","meta":{"footnotes":""},"categories":[2],"tags":[],"class_list":["post-539","post","type-post","status-publish","format-standard","has-post-thumbnail","hentry","category-uutiset"],"aioseo_notices":[],"_links":{"self":[{"href":"https:\/\/www.tanssiitatienkanssa.fi\/www\/wp-json\/wp\/v2\/posts\/539","targetHints":{"allow":["GET"]}}],"collection":[{"href":"https:\/\/www.tanssiitatienkanssa.fi\/www\/wp-json\/wp\/v2\/posts"}],"about":[{"href":"https:\/\/www.tanssiitatienkanssa.fi\/www\/wp-json\/wp\/v2\/types\/post"}],"author":[{"embeddable":true,"href":"https:\/\/www.tanssiitatienkanssa.fi\/www\/wp-json\/wp\/v2\/users\/1"}],"replies":[{"embeddable":true,"href":"https:\/\/www.tanssiitatienkanssa.fi\/www\/wp-json\/wp\/v2\/comments?post=539"}],"version-history":[{"count":2,"href":"https:\/\/www.tanssiitatienkanssa.fi\/www\/wp-json\/wp\/v2\/posts\/539\/revisions"}],"predecessor-version":[{"id":542,"href":"https:\/\/www.tanssiitatienkanssa.fi\/www\/wp-json\/wp\/v2\/posts\/539\/revisions\/542"}],"wp:featuredmedia":[{"embeddable":true,"href":"https:\/\/www.tanssiitatienkanssa.fi\/www\/wp-json\/wp\/v2\/media\/540"}],"wp:attachment":[{"href":"https:\/\/www.tanssiitatienkanssa.fi\/www\/wp-json\/wp\/v2\/media?parent=539"}],"wp:term":[{"taxonomy":"category","embeddable":true,"href":"https:\/\/www.tanssiitatienkanssa.fi\/www\/wp-json\/wp\/v2\/categories?post=539"},{"taxonomy":"post_tag","embeddable":true,"href":"https:\/\/www.tanssiitatienkanssa.fi\/www\/wp-json\/wp\/v2\/tags?post=539"}],"curies":[{"name":"wp","href":"https:\/\/api.w.org\/{rel}","templated":true}]}}